{"id":384,"date":"2021-01-14T18:25:30","date_gmt":"2021-01-14T20:25:30","guid":{"rendered":"https:\/\/edemcentrodiaparaidosos.com.br\/?p=384"},"modified":"2021-01-14T18:25:30","modified_gmt":"2021-01-14T20:25:30","slug":"o-idoso-e-a-tecnologia","status":"publish","type":"post","link":"https:\/\/edemcentrodia.com.br\/index.php\/2021\/01\/14\/o-idoso-e-a-tecnologia\/","title":{"rendered":"O idoso e a Tecnologia"},"content":{"rendered":"<p>A internet est\u00e1 presente na rotina da maioria das pessoas em todos os lugares do mundo. Os que n\u00e3o se adaptam aos recursos digitais acabam sendo, de certa forma, exclu\u00eddos da sociedade contempor\u00e2nea.<\/p>\n<p>O interesse dos idosos em estarem conectados com as novidades do mundo digital tem aumentado ano a ano, e eles t\u00eam ido em busca de se habituar cada vez mais \u00e0s novas tecnologias, tanto no uso das redes sociais quanto em conhecimentos b\u00e1sicos de inform\u00e1tica, e a busca nessa atualiza\u00e7\u00e3o ajuda a manter o c\u00e9rebro em constante aprendizado, o que pode funcionar como um rem\u00e9dio, especialmente para quem j\u00e1 se aposentou e est\u00e1 sentindo o impacto da redu\u00e7\u00e3o das atividades. Fazer isso \u00e9 imprescind\u00edvel para continuar com autonomia e vivacidade.<\/p>\n<p>A inclus\u00e3o digital pode proporcionar uma s\u00e9rie de benef\u00edcios para os idosos, como por exemplo:<\/p>\n<ul>\n<li>Melhora na qualidade de vida;<\/li>\n<li>Contribuir para a inclus\u00e3o social;<\/li>\n<li>Possibilitar um maior contato com a fam\u00edlia;<\/li>\n<li>Preservar e ampliar as fun\u00e7\u00f5es cognitivas;<\/li>\n<li>Interagir com os filhos, netos e amigos com mais frequ\u00eancia;<\/li>\n<li>Manter a mente ativa.<\/li>\n<\/ul>\n<p>O apoio e incentivo da fam\u00edlia tamb\u00e9m \u00e9 essencial nesse momento. Incluir o idoso em redes sociais por exemplo, pode promover momentos divertidos e a uni\u00e3o da fam\u00edlia. Al\u00e9m disso, \u00e9 essencial para a estima do familiar mais velho, j\u00e1 que vai estar inserido e atualizado.<\/p>\n<p>S\u00f3 \u00e9 necess\u00e1rio ter cuidado com as amea\u00e7as nos ambientes virtuais. Como n\u00e3o possuem conhecimento dos m\u00e9todos de crimes cibern\u00e9ticos, os idosos, em alguns casos, acabam se tornando vulner\u00e1veis a golpes.<\/p>\n<p>Por isso, \u00e9 importante orientar sobre algumas dicas para navegar na internet com mais seguran\u00e7a:<\/p>\n<ul>\n<li>Evitar compartilhar dados que podem causar problemas pessoais e financeiros na web (n\u00famero da conta corrente, senhas de servi\u00e7os on-line, etc.)<\/li>\n<li>Ter cuidado com links (desconfie ao receber qualquer informa\u00e7\u00e3o estranha, n\u00e3o clique em links que recebeu de pessoas desconhecidas);<\/li>\n<li>Preservar a privacidade (n\u00e3o poste todas as suas fotos e evite postagens que indiquem onde voc\u00ea mora).<\/li>\n<\/ul>\n<p>&nbsp;<\/p>\n","protected":false},"excerpt":{"rendered":"<p>A internet est\u00e1 presente na rotina da maioria das pessoas em todos os lugares do mundo. Os que n\u00e3o se adaptam aos recursos digitais acabam sendo, de certa forma, exclu\u00eddos da sociedade contempor\u00e2nea. O interesse dos idosos em estarem conectados com as novidades do mundo digital tem aumentado ano a ano, e eles t\u00eam ido [&hellip;]<\/p>\n","protected":false},"author":2,"featured_media":420,"comment_status":"open","ping_status":"open","sticky":false,"template":"","format":"standard","meta":{"_et_pb_use_builder":"","_et_pb_old_content":"","_et_gb_content_width":"","footnotes":"","_joinchat":[]},"categories":[3],"tags":[],"_links":{"self":[{"href":"https:\/\/edemcentrodia.com.br\/index.php\/wp-json\/wp\/v2\/posts\/384"}],"collection":[{"href":"https:\/\/edemcentrodia.com.br\/index.php\/wp-json\/wp\/v2\/posts"}],"about":[{"href":"https:\/\/edemcentrodia.com.br\/index.php\/wp-json\/wp\/v2\/types\/post"}],"author":[{"embeddable":true,"href":"https:\/\/edemcentrodia.com.br\/index.php\/wp-json\/wp\/v2\/users\/2"}],"replies":[{"embeddable":true,"href":"https:\/\/edemcentrodia.com.br\/index.php\/wp-json\/wp\/v2\/comments?post=384"}],"version-history":[{"count":0,"href":"https:\/\/edemcentrodia.com.br\/index.php\/wp-json\/wp\/v2\/posts\/384\/revisions"}],"wp:featuredmedia":[{"embeddable":true,"href":"https:\/\/edemcentrodia.com.br\/index.php\/wp-json\/"}],"wp:attachment":[{"href":"https:\/\/edemcentrodia.com.br\/index.php\/wp-json\/wp\/v2\/media?parent=384"}],"wp:term":[{"taxonomy":"category","embeddable":true,"href":"https:\/\/edemcentrodia.com.br\/index.php\/wp-json\/wp\/v2\/categories?post=384"},{"taxonomy":"post_tag","embeddable":true,"href":"https:\/\/edemcentrodia.com.br\/index.php\/wp-json\/wp\/v2\/tags?post=384"}],"curies":[{"name":"wp","href":"https:\/\/api.w.org\/{rel}","templated":true}]}}