{"id":480,"date":"2021-05-31T16:31:49","date_gmt":"2021-05-31T19:31:49","guid":{"rendered":"https:\/\/www.edemcentrodiaparaidosos.com.br\/?p=480"},"modified":"2021-05-31T16:31:49","modified_gmt":"2021-05-31T19:31:49","slug":"5-vantagens-de-um-centro-dia-para-idosos","status":"publish","type":"post","link":"https:\/\/edemcentrodia.com.br\/index.php\/2021\/05\/31\/5-vantagens-de-um-centro-dia-para-idosos\/","title":{"rendered":"5 vantagens de um Centro Dia para Idosos"},"content":{"rendered":"<p>Um Centro Dia para idosos \u00e9 um ambiente preparado e adaptado, onde o idoso pode passar o dia, cercado de profissionais qualificados e outros h\u00f3spedes. Durante a sua estadia, \u00e9 realizada diversas atividades de lazer, bem-estar e integra\u00e7\u00e3o social.<\/p>\n<p>Veja 5 vantagens que um centro dia pode proporcionar aos seus h\u00f3spedes:<\/p>\n<p>1- Integra\u00e7\u00e3o Social<\/p>\n<p>Um idoso que fica em casa, sendo orientado por cuidadora, acaba n\u00e3o exercendo intera\u00e7\u00f5es sociais relevantes.<\/p>\n<p>Em um Centro Dia o idoso ter\u00e1 contato com diversos profissionais e outros h\u00f3spedes. Isso ajuda em sua intera\u00e7\u00e3o social, ele acaba fazendo amizades, compartilhando hist\u00f3rias, momentos, e se sente parte de um projeto.<\/p>\n<p>Isso \u00e9 importante para o seu psicol\u00f3gico e emocional. Ele se sente mais integrado com a sociedade.<\/p>\n<p>2- Profissionais qualificados x custo benef\u00edcio<\/p>\n<p>Em um Centro Dia qualificado e preparado para atender da melhor forma poss\u00edvel os seus h\u00f3spedes, o idoso ter\u00e1 diversos profissionais qualificados a sua disposi\u00e7\u00e3o, por um pre\u00e7o que muitas vezes acaba sendo mais acess\u00edvel do que ter um cuidador \u00e0 domic\u00edlio.<\/p>\n<p>No Espa\u00e7o EDEM temos psicoterapeutas, nutricionistas, fisioterapeutas, m\u00e9dicos, entre outros profissionais que est\u00e3o sempre atentos \u00e0s necessidades de cada um, e a evolu\u00e7\u00e3o de cada quadro de sa\u00fade e bem-estar.<\/p>\n<p>3- Alimenta\u00e7\u00e3o Balanceada<\/p>\n<p>Em casa, muitas vezes o idoso acaba n\u00e3o consumindo a quantidade necess\u00e1ria de nutrientes e prote\u00ednas que seriam ideais para a sua sa\u00fade.<\/p>\n<p>Muitos idosos n\u00e3o gostam de determinados alimentos ou n\u00e3o tem profissionais que poderiam auxiliar no que \u00e9 ben\u00e9fico para a sua alimenta\u00e7\u00e3o.<\/p>\n<p>No Espa\u00e7o EDEM temos nutricionistas que cuidam do card\u00e1pio dos nossos h\u00f3spedes, preparam uma alimenta\u00e7\u00e3o balanceada e rica em vitaminas. Al\u00e9m disso, amigos comendo juntos \u00e9 um grande incentivo para aquele que n\u00e3o gosta de comer determinados alimentos.<\/p>\n<p>4- Atividades f\u00edsicas monitoradas e acompanhamento m\u00e9dico<\/p>\n<p>Atividades f\u00edsicas s\u00e3o importantes, independente da idade!<\/p>\n<p>Mas, para o idoso, \u00e9 preciso desenvolver exerc\u00edcios que atendam as necessidades de cada h\u00f3spede e acompanhem as suas limita\u00e7\u00f5es.<\/p>\n<p>No Espa\u00e7o EDEM temos profissionais qualificados, que elaboram as atividades corretas para cada um, e tamb\u00e9m temos m\u00e9dicos que acompanham o estado de cada idoso, monitorando e controlando a sua sa\u00fade.<\/p>\n<p>Aqui os h\u00f3spedes se exercitam sem riscos!<\/p>\n<p>5- Atividades de lazer e prazer, proporcionando bem-estar e qualidade de vida<\/p>\n<p>Al\u00e9m das atividades f\u00edsicas, em um centro dia o idoso far\u00e1 muitas outras atividades, acompanhado de amigos e profissionais.<\/p>\n<p>No Espa\u00e7o EDEM temos um grande leque de exerc\u00edcios: Dan\u00e7a S\u00eanior, Musicoterapia, Oficina da Beleza, Tecnologia Assistida, Psicoterapia, Fisioterapia, Horticultura e muitas outras!<\/p>\n<p>Essas atividades fazem bem para o corpo e para a mente, o idoso se diverte e isso \u00e9 maravilhoso para a sua qualidade de vida.<\/p>\n<p>Venha conhecer o Espa\u00e7o EDEM! Agende uma visita, veja tudo que temos a oferecer!<\/p>\n<p>Funcionamos de segunda a sexta-feira das 7:00 as 19:00.<\/p>\n<p>Entre em contato conosco e agende a sua experi\u00eancia: (11) 3926-3337 (WhatsApp) | 3926-3338<\/p>\n<p>ou pelo e-mail: contato@edemcentrodia.com.br<\/p>\n<p>Estamos localizados na Rua Paiagu\u00e1s, 66, Campo Belo \u2013 S\u00e3o Paulo<\/p>\n","protected":false},"excerpt":{"rendered":"<p>Um Centro Dia para idosos \u00e9 um ambiente preparado e adaptado, onde o idoso pode passar o dia, cercado de profissionais qualificados e outros h\u00f3spedes. Durante a sua estadia, \u00e9 realizada diversas atividades de lazer, bem-estar e integra\u00e7\u00e3o social. Veja 5 vantagens que um centro dia pode proporcionar aos seus h\u00f3spedes: 1- Integra\u00e7\u00e3o Social Um [&hellip;]<\/p>\n","protected":false},"author":2,"featured_media":481,"comment_status":"open","ping_status":"open","sticky":false,"template":"","format":"standard","meta":{"_et_pb_use_builder":"","_et_pb_old_content":"","_et_gb_content_width":"","footnotes":"","_joinchat":[]},"categories":[3],"tags":[],"_links":{"self":[{"href":"https:\/\/edemcentrodia.com.br\/index.php\/wp-json\/wp\/v2\/posts\/480"}],"collection":[{"href":"https:\/\/edemcentrodia.com.br\/index.php\/wp-json\/wp\/v2\/posts"}],"about":[{"href":"https:\/\/edemcentrodia.com.br\/index.php\/wp-json\/wp\/v2\/types\/post"}],"author":[{"embeddable":true,"href":"https:\/\/edemcentrodia.com.br\/index.php\/wp-json\/wp\/v2\/users\/2"}],"replies":[{"embeddable":true,"href":"https:\/\/edemcentrodia.com.br\/index.php\/wp-json\/wp\/v2\/comments?post=480"}],"version-history":[{"count":0,"href":"https:\/\/edemcentrodia.com.br\/index.php\/wp-json\/wp\/v2\/posts\/480\/revisions"}],"wp:featuredmedia":[{"embeddable":true,"href":"https:\/\/edemcentrodia.com.br\/index.php\/wp-json\/"}],"wp:attachment":[{"href":"https:\/\/edemcentrodia.com.br\/index.php\/wp-json\/wp\/v2\/media?parent=480"}],"wp:term":[{"taxonomy":"category","embeddable":true,"href":"https:\/\/edemcentrodia.com.br\/index.php\/wp-json\/wp\/v2\/categories?post=480"},{"taxonomy":"post_tag","embeddable":true,"href":"https:\/\/edemcentrodia.com.br\/index.php\/wp-json\/wp\/v2\/tags?post=480"}],"curies":[{"name":"wp","href":"https:\/\/api.w.org\/{rel}","templated":true}]}}