{"id":495,"date":"2021-07-01T12:04:06","date_gmt":"2021-07-01T15:04:06","guid":{"rendered":"https:\/\/www.edemcentrodiaparaidosos.com.br\/?p=495"},"modified":"2021-07-01T12:04:06","modified_gmt":"2021-07-01T15:04:06","slug":"musicoterapia-para-idosos","status":"publish","type":"post","link":"https:\/\/edemcentrodia.com.br\/index.php\/2021\/07\/01\/musicoterapia-para-idosos\/","title":{"rendered":"Musicoterapia para idosos"},"content":{"rendered":"<p>Esta t\u00e9cnica traz in\u00fameros benef\u00edcios tanto para a terceira idade quanto para seus familiares.<\/p>\n<p>A musicoterapia \u00e9 um campo de conhecimento que estuda os efeitos da m\u00fasica e a utiliza\u00e7\u00e3o de experi\u00eancias musicais.<\/p>\n<p>Com base na musicalidade e necessidade de cada grupo ou pessoa, a musicoterapia \u00e9 um facilitador na promo\u00e7\u00e3o da sa\u00fade, bem estar, qualidade de vida, habilita\u00e7\u00e3o, reabilita\u00e7\u00e3o, entre outros.<\/p>\n<p>Os est\u00edmulos n\u00e3o verbais s\u00e3o fundamentais para movimentar fun\u00e7\u00f5es cerebrais e assim retardar a progress\u00e3o de doen\u00e7as degenerativas pr\u00f3prias da idade. Pela m\u00fasica \u00e9 poss\u00edvel acessar mem\u00f3rias e reorganizar pensamentos, trazendo equil\u00edbrio afetivo e emocional. Utilizar-se das can\u00e7\u00f5es localiza o paciente no tempo e no espa\u00e7o. E conversar sobre elas pode provocar um resgate gratificante de momentos e fatos da vida do idoso.<\/p>\n<p>Listamos alguns benef\u00edcios da musicoterapia para idosos:<\/p>\n<p>1.Resgate de mem\u00f3rias afetivas atrav\u00e9s das m\u00fasicas que fazem parte de sua vida;<\/p>\n<p>2.Est\u00edmulo motor com a utiliza\u00e7\u00e3o de instrumentos, seja acompanhando can\u00e7\u00f5es ou em improvisa\u00e7\u00f5es;<\/p>\n<p>3.Est\u00edmulo da fala, promovendo a vitalidade do aparelho fonador a partir do cantar;<\/p>\n<p>4.Manuten\u00e7\u00e3o da atividade muscular da vis\u00e3o atrav\u00e9s da leitura das letras das m\u00fasicas;<\/p>\n<p>5.Resgate da autoestima;<\/p>\n<p>6.Diminui\u00e7\u00e3o de epis\u00f3dios de depress\u00e3o;<\/p>\n<p>Todos os\u00a0idosos com dem\u00eancia podem e devem desfrutar dos benef\u00edcios da Musicoterapia. Esta pr\u00e1tica se mostra bastante eficaz como complemento a outras terapias, como fonoaudiologia e fisioterapia.<\/p>\n<p>Para idosos ativos um programa de musicoterapia se mostra bastante eficiente no sentido de retardar a degenera\u00e7\u00e3o do c\u00e9rebro atrav\u00e9s de propostas que estimulam a criatividade, a mem\u00f3ria, a atividade motora, bem como promovendo o bem-estar e melhoria da qualidade de vida.<\/p>\n<p>Em nosso espa\u00e7o oferecemos com uma das terapias a musicoterapia, que traz excelentes resultados e intera\u00e7\u00e3o entre os h\u00f3spedes.<\/p>\n<p>Entre em contato e agende uma visita, venha conhecer de perto e sentir a experi\u00eancia de ser h\u00f3spede do nosso espa\u00e7o.<\/p>\n<p>www.edemcentrodiaparaidosos.com.br<br \/>\n(11) 3926-3337<br \/>\nRua Paiagu\u00e1s,66 \u2013 Campo Belo &#8211; S\u00e3o Paulo\/SP<\/p>\n<p>&nbsp;<\/p>\n","protected":false},"excerpt":{"rendered":"<p>Esta t\u00e9cnica traz in\u00fameros benef\u00edcios tanto para a terceira idade quanto para seus familiares. A musicoterapia \u00e9 um campo de conhecimento que estuda os efeitos da m\u00fasica e a utiliza\u00e7\u00e3o de experi\u00eancias musicais. Com base na musicalidade e necessidade de cada grupo ou pessoa, a musicoterapia \u00e9 um facilitador na promo\u00e7\u00e3o da sa\u00fade, bem estar, [&hellip;]<\/p>\n","protected":false},"author":2,"featured_media":496,"comment_status":"open","ping_status":"open","sticky":false,"template":"","format":"standard","meta":{"_et_pb_use_builder":"","_et_pb_old_content":"","_et_gb_content_width":"","footnotes":"","_joinchat":[]},"categories":[3],"tags":[],"_links":{"self":[{"href":"https:\/\/edemcentrodia.com.br\/index.php\/wp-json\/wp\/v2\/posts\/495"}],"collection":[{"href":"https:\/\/edemcentrodia.com.br\/index.php\/wp-json\/wp\/v2\/posts"}],"about":[{"href":"https:\/\/edemcentrodia.com.br\/index.php\/wp-json\/wp\/v2\/types\/post"}],"author":[{"embeddable":true,"href":"https:\/\/edemcentrodia.com.br\/index.php\/wp-json\/wp\/v2\/users\/2"}],"replies":[{"embeddable":true,"href":"https:\/\/edemcentrodia.com.br\/index.php\/wp-json\/wp\/v2\/comments?post=495"}],"version-history":[{"count":0,"href":"https:\/\/edemcentrodia.com.br\/index.php\/wp-json\/wp\/v2\/posts\/495\/revisions"}],"wp:featuredmedia":[{"embeddable":true,"href":"https:\/\/edemcentrodia.com.br\/index.php\/wp-json\/"}],"wp:attachment":[{"href":"https:\/\/edemcentrodia.com.br\/index.php\/wp-json\/wp\/v2\/media?parent=495"}],"wp:term":[{"taxonomy":"category","embeddable":true,"href":"https:\/\/edemcentrodia.com.br\/index.php\/wp-json\/wp\/v2\/categories?post=495"},{"taxonomy":"post_tag","embeddable":true,"href":"https:\/\/edemcentrodia.com.br\/index.php\/wp-json\/wp\/v2\/tags?post=495"}],"curies":[{"name":"wp","href":"https:\/\/api.w.org\/{rel}","templated":true}]}}