{"id":560,"date":"2021-08-19T18:56:05","date_gmt":"2021-08-19T21:56:05","guid":{"rendered":"https:\/\/www.edemcentrodiaparaidosos.com.br\/?p=560"},"modified":"2021-08-19T18:56:05","modified_gmt":"2021-08-19T21:56:05","slug":"sindrome-da-fragilidade-na-terceira-idade","status":"publish","type":"post","link":"https:\/\/edemcentrodia.com.br\/index.php\/2021\/08\/19\/sindrome-da-fragilidade-na-terceira-idade\/","title":{"rendered":"S\u00edndrome da Fragilidade na terceira idade"},"content":{"rendered":"<p>Pessoas da terceira idade podem ser acometidas pela S\u00edndrome da Fragilidade, que \u00e9 uma condi\u00e7\u00e3o que pode deix\u00e1-las mais suscept\u00edveis \u00e0 condi\u00e7\u00f5es agudas, baixa na imunidade com aumento de risco para infec\u00e7\u00f5es, dentre outros fatores.<\/p>\n<p>A S\u00edndrome da Fragilidade \u00e9 considerada uma condi\u00e7\u00e3o gen\u00e9tica de origem neuroend\u00f3crina, que gera maior vulnerabilidade \u00e0s doen\u00e7as ou estresses agudos nos idosos, sendo caracterizada por massa e for\u00e7a muscular reduzida e baixa energia para as atividades do dia a dia. Uma\u00a0baixa imunidade\u00a0tamb\u00e9m pode ser outra consequ\u00eancia.<\/p>\n<p>A s\u00edndrome da fragilidade do idoso n\u00e3o \u00e9 considerada doen\u00e7a e tem conceito de condi\u00e7\u00e3o cl\u00ednica diagnostic\u00e1vel, sendo observado o decl\u00ednio das reservas fisiol\u00f3gicas e funcionais em diversos sistemas, o que pode trazer uma diminui\u00e7\u00e3o na toler\u00e2ncia fisiol\u00f3gica e psicol\u00f3gica de estressores e expositores a riscos.<\/p>\n<p>A condi\u00e7\u00e3o aumenta o risco de acontecimentos de eventos adversos \u00e0 sa\u00fade, podendo tornar o idoso mais dependente tanto f\u00edsica como psicologicamente, e pode ser mais prevalente em indiv\u00edduos em que fatores como\u00a0ansiedade\u00a0e\u00a0depress\u00e3o\u00a0estejam presentes, al\u00e9m de\u00a0comorbidades.<\/p>\n<p>S\u00e3o tr\u00eas as principais altera\u00e7\u00f5es relacionadas ao processo de envelhecimento:<\/p>\n<ul>\n<li>sarcopenia,<\/li>\n<li>desregula\u00e7\u00e3o neuroend\u00f3crina,<\/li>\n<li>disfun\u00e7\u00e3o do sistema imunol\u00f3gico.<\/li>\n<\/ul>\n<p>Em fun\u00e7\u00e3o destas, o idoso pode apresentar\u00a0perda de peso\u00a0n\u00e3o intencional, fadiga e\/ou exaust\u00e3o, diminui\u00e7\u00e3o da for\u00e7a muscular, lentid\u00e3o na velocidade de marcha e baixa predisposi\u00e7\u00e3o a\u00a0atividades f\u00edsicas.<\/p>\n<p>O geriatra \u00e9 o m\u00e9dico especialista mais capacitado para conduzir a S\u00edndrome de Fragilidade do idoso. Identificar e conduzir o idoso fr\u00e1gil demanda conhecimento acerca do processo de envelhecimento, individualiza\u00e7\u00e3o e respeito aos limites do ser humano, com prescri\u00e7\u00e3o de tratamentos ou orienta\u00e7\u00f5es.<\/p>\n<p>Para o tratamento da s\u00edndrome de fragilidade, \u00e9 preciso reverter a perda de peso e massa magra, principais respons\u00e1veis pela maioria dos sintomas. Para isso, h\u00e1 duas abordagens: a pr\u00e1tica de atividades f\u00edsicas e a\u00a0alimenta\u00e7\u00e3o nutritiva e adequada, muitas vezes complementada pelo uso de um suplemento oral.<\/p>\n<p>Ser dependente ou fr\u00e1gil n\u00e3o deve ser impedimento para ser feliz, o objetivo principal do tratamento e cuidados \u00e9 deixar a pessoa assistida feliz e com qualidade de vida.<\/p>\n<p>www.edemcentrodiaparaidosos.com.br<br \/>\n(11) 3926-3337<br \/>\nRua Paiagu\u00e1s,66 \u2013 Campo Belo \u2013 S\u00e3o Paulo\/SP<\/p>\n<p>&nbsp;<\/p>\n<p>&nbsp;<\/p>\n<p>&nbsp;<\/p>\n","protected":false},"excerpt":{"rendered":"<p>Pessoas da terceira idade podem ser acometidas pela S\u00edndrome da Fragilidade, que \u00e9 uma condi\u00e7\u00e3o que pode deix\u00e1-las mais suscept\u00edveis \u00e0 condi\u00e7\u00f5es agudas, baixa na imunidade com aumento de risco para infec\u00e7\u00f5es, dentre outros fatores. A S\u00edndrome da Fragilidade \u00e9 considerada uma condi\u00e7\u00e3o gen\u00e9tica de origem neuroend\u00f3crina, que gera maior vulnerabilidade \u00e0s doen\u00e7as ou estresses [&hellip;]<\/p>\n","protected":false},"author":2,"featured_media":561,"comment_status":"open","ping_status":"open","sticky":false,"template":"","format":"standard","meta":{"_et_pb_use_builder":"","_et_pb_old_content":"","_et_gb_content_width":"","footnotes":"","_joinchat":[]},"categories":[3],"tags":[],"_links":{"self":[{"href":"https:\/\/edemcentrodia.com.br\/index.php\/wp-json\/wp\/v2\/posts\/560"}],"collection":[{"href":"https:\/\/edemcentrodia.com.br\/index.php\/wp-json\/wp\/v2\/posts"}],"about":[{"href":"https:\/\/edemcentrodia.com.br\/index.php\/wp-json\/wp\/v2\/types\/post"}],"author":[{"embeddable":true,"href":"https:\/\/edemcentrodia.com.br\/index.php\/wp-json\/wp\/v2\/users\/2"}],"replies":[{"embeddable":true,"href":"https:\/\/edemcentrodia.com.br\/index.php\/wp-json\/wp\/v2\/comments?post=560"}],"version-history":[{"count":0,"href":"https:\/\/edemcentrodia.com.br\/index.php\/wp-json\/wp\/v2\/posts\/560\/revisions"}],"wp:featuredmedia":[{"embeddable":true,"href":"https:\/\/edemcentrodia.com.br\/index.php\/wp-json\/"}],"wp:attachment":[{"href":"https:\/\/edemcentrodia.com.br\/index.php\/wp-json\/wp\/v2\/media?parent=560"}],"wp:term":[{"taxonomy":"category","embeddable":true,"href":"https:\/\/edemcentrodia.com.br\/index.php\/wp-json\/wp\/v2\/categories?post=560"},{"taxonomy":"post_tag","embeddable":true,"href":"https:\/\/edemcentrodia.com.br\/index.php\/wp-json\/wp\/v2\/tags?post=560"}],"curies":[{"name":"wp","href":"https:\/\/api.w.org\/{rel}","templated":true}]}}