{"id":603,"date":"2022-01-04T14:57:41","date_gmt":"2022-01-04T17:57:41","guid":{"rendered":"https:\/\/www.edemcentrodiaparaidosos.com.br\/?p=603"},"modified":"2022-01-04T14:57:41","modified_gmt":"2022-01-04T17:57:41","slug":"qualidade-de-vida-na-velhice","status":"publish","type":"post","link":"https:\/\/edemcentrodia.com.br\/index.php\/2022\/01\/04\/qualidade-de-vida-na-velhice\/","title":{"rendered":"Qualidade de vida na velhice"},"content":{"rendered":"<p>Para compreendermos o que \u00e9 qualidade de vida temos que ter em mente que cada ser humano envelhece de maneiras e ritmos diferentes sob os pontos de vista biol\u00f3gico, psicol\u00f3gico e social.<\/p>\n<p>Embora n\u00e3o exista um consenso sobre o significado correto, \u00e9 utilizado com mais preval\u00eancia a defini\u00e7\u00e3o do grupo de qualidade de vida da Organiza\u00e7\u00e3o Mundial de Sa\u00fade. \u00c9 definida como a percep\u00e7\u00e3o do indiv\u00edduo da sua posi\u00e7\u00e3o na vida, no contexto de sua cultura e dos sistemas de valores da sociedade em que vive e em rela\u00e7\u00e3o aos seus objetivos, expectativas, padr\u00f5es e preocupa\u00e7\u00f5es.<\/p>\n<p>Sendo assim, qualidade de vida \u00e9 a percep\u00e7\u00e3o que uma pessoa tem acerca de sua posi\u00e7\u00e3o na vida, considerando sua cultura e valores pessoais e se relacionando ainda aos objetivos de vida, expectativas, padr\u00f5es de comportamento e preocupa\u00e7\u00f5es. A qualidade de vida \u00e9 multidimensional, pois \u00e9 levado em conta mais de uma dimens\u00e3o, sendo elas, emocionais, f\u00edsicas, do cotidiano e contextos s\u00f3cio-hist\u00f3ricos. No entanto, \u00e9 importante salientar que a qualidade de vida que as pessoas ter\u00e3o futuramente n\u00e3o depender\u00e1 s\u00f3 dos riscos e oportunidades que experimentarem durante a vida, mas tamb\u00e9m \u00e9 influenciada da maneira como as gera\u00e7\u00f5es posteriores ir\u00e3o oferecer ajuda e apoio m\u00fatuos, quando necess\u00e1rio.<\/p>\n<p>O suporte social busca compreender essas lacunas afetivas e ainda, garantir o acesso aos cuidados de sa\u00fade e sociais, prestando assist\u00eancia \u00e0s necessidades individuais e coletivas, com o objetivo de melhorar a qualidade de vida da pessoa idosa.<\/p>\n<p>Dessa forma, \u00e9 poss\u00edvel oferecer ao idoso maior satisfa\u00e7\u00e3o com a vida por meio do desempenho em atividades di\u00e1rias e sociais, cujo objetivo \u00e9 o bem-estar percebido.<\/p>\n<p>No entanto, \u00e9 importante salientar que a qualidade de vida que as pessoas ter\u00e3o futuramente n\u00e3o depender\u00e1 s\u00f3 dos riscos e oportunidades que experimentarem durante a vida, mas tamb\u00e9m \u00e9 influenciada pela maneira como as gera\u00e7\u00f5es posteriores ir\u00e3o oferecer ajuda e apoio m\u00fatuos, quando necess\u00e1rio.<\/p>\n<p>A m\u00e9dia de vida entre 1960 e 2010 teve um acr\u00e9scimo de cerca de 20 anos, nos mostrando a import\u00e2ncia em dar qualidade a vida ao longo dos anos e n\u00e3o somente anos \u00e0 vida, ou seja, que o indiv\u00edduo longevo possa envelhecer com qualidade e dignidade e n\u00e3o somente envelhecer.<\/p>\n<p>O processo de envelhecimento \u00e9 um caminho no qual moldamos e constru\u00edmos de acordo com as decis\u00f5es tomadas ao longo da vida.<\/p>\n<p>\u00c9 necess\u00e1rio compreender que o envelhecimento e a velhice est\u00e3o ligados diretamente ao autocuidado, ou seja, aos cuidados de uma pessoa consigo mesma durante todo percurso da vida, considerando que o cuidado \u00e9 essencial para que o envelhecimento ocorra de forma desejada. Por fim, \u00e9 preciso que haja uma prepara\u00e7\u00e3o da vida e um olhar mais amplo ao autocuidado para que se possa viver a fase da velhice da melhor forma.<\/p>\n","protected":false},"excerpt":{"rendered":"<p>Para compreendermos o que \u00e9 qualidade de vida temos que ter em mente que cada ser humano envelhece de maneiras e ritmos diferentes sob os pontos de vista biol\u00f3gico, psicol\u00f3gico e social. Embora n\u00e3o exista um consenso sobre o significado correto, \u00e9 utilizado com mais preval\u00eancia a defini\u00e7\u00e3o do grupo de qualidade de vida da [&hellip;]<\/p>\n","protected":false},"author":2,"featured_media":604,"comment_status":"open","ping_status":"open","sticky":false,"template":"","format":"standard","meta":{"_et_pb_use_builder":"","_et_pb_old_content":"","_et_gb_content_width":"","footnotes":"","_joinchat":[]},"categories":[3],"tags":[],"_links":{"self":[{"href":"https:\/\/edemcentrodia.com.br\/index.php\/wp-json\/wp\/v2\/posts\/603"}],"collection":[{"href":"https:\/\/edemcentrodia.com.br\/index.php\/wp-json\/wp\/v2\/posts"}],"about":[{"href":"https:\/\/edemcentrodia.com.br\/index.php\/wp-json\/wp\/v2\/types\/post"}],"author":[{"embeddable":true,"href":"https:\/\/edemcentrodia.com.br\/index.php\/wp-json\/wp\/v2\/users\/2"}],"replies":[{"embeddable":true,"href":"https:\/\/edemcentrodia.com.br\/index.php\/wp-json\/wp\/v2\/comments?post=603"}],"version-history":[{"count":0,"href":"https:\/\/edemcentrodia.com.br\/index.php\/wp-json\/wp\/v2\/posts\/603\/revisions"}],"wp:featuredmedia":[{"embeddable":true,"href":"https:\/\/edemcentrodia.com.br\/index.php\/wp-json\/"}],"wp:attachment":[{"href":"https:\/\/edemcentrodia.com.br\/index.php\/wp-json\/wp\/v2\/media?parent=603"}],"wp:term":[{"taxonomy":"category","embeddable":true,"href":"https:\/\/edemcentrodia.com.br\/index.php\/wp-json\/wp\/v2\/categories?post=603"},{"taxonomy":"post_tag","embeddable":true,"href":"https:\/\/edemcentrodia.com.br\/index.php\/wp-json\/wp\/v2\/tags?post=603"}],"curies":[{"name":"wp","href":"https:\/\/api.w.org\/{rel}","templated":true}]}}