{"id":607,"date":"2022-01-24T16:02:05","date_gmt":"2022-01-24T19:02:05","guid":{"rendered":"https:\/\/www.edemcentrodiaparaidosos.com.br\/?p=607"},"modified":"2022-01-24T16:02:05","modified_gmt":"2022-01-24T19:02:05","slug":"a-nutricao-no-processo-de-envelhecimento","status":"publish","type":"post","link":"https:\/\/edemcentrodia.com.br\/index.php\/2022\/01\/24\/a-nutricao-no-processo-de-envelhecimento\/","title":{"rendered":"A nutri\u00e7\u00e3o no processo de envelhecimento"},"content":{"rendered":"<p>O Instituto da Sa\u00fade e Prote\u00e7\u00e3o ao Consumidor da Uni\u00e3o Europeia publicou um relat\u00f3rio sobre a import\u00e2ncia da Nutri\u00e7\u00e3o no processo de Envelhecimento Saud\u00e1vel.<\/p>\n<p>O aumento da expectativa de vida da popula\u00e7\u00e3o \u00e9 uma boa not\u00edcia. Por\u00e9m, grandes partes destas pessoas que est\u00e3o vivendo mais, passam os \u00faltimos 15 ou 20 anos de suas vidas com alguma doen\u00e7a ou uma incapacidade.<\/p>\n<p>Sabemos que\u00a0h\u00e1 limites biol\u00f3gicos e que os decl\u00ednios funcionais s\u00e3o reais. Por\u00e9m, quanto mais tempo uma pessoa continuar ativa (social e economicamente), melhor para ela, para sua fam\u00edlia e para a comunidade em que vive. Para tanto, esta pessoa precisa continuar saud\u00e1vel em todos os aspectos: f\u00edsico, mental e social.<\/p>\n<p>Assim, uma das primeiras \u00e1reas da sa\u00fade a necessitar aten\u00e7\u00e3o \u00e9 a Nutri\u00e7\u00e3o. A\u00a0desnutri\u00e7\u00e3o de idosos, principalmente relacionada a micronutrientes, \u00e9 um problema comum e pode atuar como causa ou ser consequ\u00eancia de condi\u00e7\u00f5es de sa\u00fade desfavor\u00e1veis em idosos.\u00a0A S\u00edndrome da Fragilidade\u00a0\u00e9 um bom exemplo de condi\u00e7\u00e3o de sa\u00fade desfavor\u00e1vel, relacionada ao envelhecimento e que pode ser evitada atrav\u00e9s de uma alimenta\u00e7\u00e3o equilibrada e em quantidades adequadas.<\/p>\n<p>Portanto, o papel da Nutri\u00e7\u00e3o come\u00e7a atrav\u00e9s da preven\u00e7\u00e3o de muitas condi\u00e7\u00f5es desfavor\u00e1veis de sa\u00fade que podem ser evitadas.<\/p>\n<p>\u00c9 dever de todos n\u00f3s garantir uma alimenta\u00e7\u00e3o saud\u00e1vel para n\u00f3s mesmos e para todos aqueles que dependem de n\u00f3s. Muitas s\u00e3o as\u00a0alternativas de uma alimenta\u00e7\u00e3o saud\u00e1vel. Se voc\u00ea tem d\u00favidas sobre como pode se alimentar melhor, como melhorar a qualidade da alimenta\u00e7\u00e3o das pessoas de quem voc\u00ea cuida ou que apenas vivem com voc\u00ea, procure um Nutricionista.<\/p>\n<p>Aqui no Espa\u00e7o Edem Residencial e Centro Dia para Idosos, a alimenta\u00e7\u00e3o dos nossos h\u00f3spedes e moradores s\u00e3o prescritas por um profissional nutricionista. Prezamos por uma alimenta\u00e7\u00e3o org\u00e2nica, fresca e balanceada.<\/p>\n<p>Agende uma visita e venha conhecer de perto nosso residencial e nosso trabalho.<\/p>\n<p>www.edemcentrodiaparaidosos.com.br<br \/>\n(11) 3926-3337<br \/>\nRua Paiagu\u00e1s,66 \u2013 Campo Belo \u2013 S\u00e3o Paulo\/SP<\/p>\n<p>&nbsp;<\/p>\n","protected":false},"excerpt":{"rendered":"<p>O Instituto da Sa\u00fade e Prote\u00e7\u00e3o ao Consumidor da Uni\u00e3o Europeia publicou um relat\u00f3rio sobre a import\u00e2ncia da Nutri\u00e7\u00e3o no processo de Envelhecimento Saud\u00e1vel. O aumento da expectativa de vida da popula\u00e7\u00e3o \u00e9 uma boa not\u00edcia. Por\u00e9m, grandes partes destas pessoas que est\u00e3o vivendo mais, passam os \u00faltimos 15 ou 20 anos de suas vidas [&hellip;]<\/p>\n","protected":false},"author":2,"featured_media":608,"comment_status":"open","ping_status":"open","sticky":false,"template":"","format":"standard","meta":{"_et_pb_use_builder":"","_et_pb_old_content":"","_et_gb_content_width":"","footnotes":"","_joinchat":[]},"categories":[3],"tags":[],"_links":{"self":[{"href":"https:\/\/edemcentrodia.com.br\/index.php\/wp-json\/wp\/v2\/posts\/607"}],"collection":[{"href":"https:\/\/edemcentrodia.com.br\/index.php\/wp-json\/wp\/v2\/posts"}],"about":[{"href":"https:\/\/edemcentrodia.com.br\/index.php\/wp-json\/wp\/v2\/types\/post"}],"author":[{"embeddable":true,"href":"https:\/\/edemcentrodia.com.br\/index.php\/wp-json\/wp\/v2\/users\/2"}],"replies":[{"embeddable":true,"href":"https:\/\/edemcentrodia.com.br\/index.php\/wp-json\/wp\/v2\/comments?post=607"}],"version-history":[{"count":0,"href":"https:\/\/edemcentrodia.com.br\/index.php\/wp-json\/wp\/v2\/posts\/607\/revisions"}],"wp:featuredmedia":[{"embeddable":true,"href":"https:\/\/edemcentrodia.com.br\/index.php\/wp-json\/"}],"wp:attachment":[{"href":"https:\/\/edemcentrodia.com.br\/index.php\/wp-json\/wp\/v2\/media?parent=607"}],"wp:term":[{"taxonomy":"category","embeddable":true,"href":"https:\/\/edemcentrodia.com.br\/index.php\/wp-json\/wp\/v2\/categories?post=607"},{"taxonomy":"post_tag","embeddable":true,"href":"https:\/\/edemcentrodia.com.br\/index.php\/wp-json\/wp\/v2\/tags?post=607"}],"curies":[{"name":"wp","href":"https:\/\/api.w.org\/{rel}","templated":true}]}}