{"id":615,"date":"2022-03-15T16:58:47","date_gmt":"2022-03-15T19:58:47","guid":{"rendered":"https:\/\/www.edemcentrodiaparaidosos.com.br\/?p=615"},"modified":"2022-03-15T16:58:47","modified_gmt":"2022-03-15T19:58:47","slug":"estudo-indica-que-idosos-infectados-pela-variante-omicron-podem-desenvolver-quadros-menos-graves-da-doenca","status":"publish","type":"post","link":"https:\/\/edemcentrodia.com.br\/index.php\/2022\/03\/15\/estudo-indica-que-idosos-infectados-pela-variante-omicron-podem-desenvolver-quadros-menos-graves-da-doenca\/","title":{"rendered":"Estudo indica que idosos infectados pela variante \u00d4micron podem desenvolver quadros menos graves da doen\u00e7a"},"content":{"rendered":"<p>Uma pesquisa conduzida por cientistas dos Estados Unidos indica que idosos infectados pela variante \u00d4micron tamb\u00e9m podem desenvolver quadros menos graves da doen\u00e7a em compara\u00e7\u00e3o com infec\u00e7\u00f5es pela variante Delta.<\/p>\n<p>O\u00a0estudo foi disponibilizado no Medrxiv, site da Internet que distribui vers\u00f5es pr\u00e9-publica\u00e7\u00e3o de\u00a0artigos cient\u00edficos\u00a0sobre ci\u00eancias da sa\u00fade.<\/p>\n<p>Os pesquisadores analisaram dados de pacientes de servi\u00e7os de sa\u00fade dos EUA, observando aspectos que podem sinalizar a gravidade do quadro, desde a procura por um servi\u00e7o de emerg\u00eancia m\u00e9dica, passando pela hospitaliza\u00e7\u00e3o e at\u00e9 a necessidade de interna\u00e7\u00e3o em UTI (Unidade de Terapia Intensiva) e de ventila\u00e7\u00e3o mec\u00e2nica.<\/p>\n<p>Os dados examinados eram referentes a diferentes per\u00edodos: quando a variante Delta era a respons\u00e1vel pela maioria dos casos e, depois, quando a \u00d4micron surgiu e passou a ser a cepa predominante.<\/p>\n<p>Os dados demonstraram que os casos registrados durante o per\u00edodo de predom\u00ednio da \u00d4micron tiveram desdobramentos menos graves do que aqueles que ocorreram durante o per\u00edodo em que a Delta prevalecia.<\/p>\n<p>A pesquisa n\u00e3o esclarece, entretanto, se esse menor risco se deve \u00e0s caracter\u00edsticas da variante ou se est\u00e1 relacionado \u00e0 vacina\u00e7\u00e3o.<\/p>\n<p>O \u00edndice de hospitaliza\u00e7\u00f5es durante o per\u00edodo da \u00d4micron, por exemplo, correspondeu a menos da metade da porcentagem de interna\u00e7\u00f5es durante o per\u00edodo da Delta.<\/p>\n<p>Para verificar se os resultados se aplicavam tamb\u00e9m \u00e0 popula\u00e7\u00e3o idosa, os cientistas analisaram os dados referentes \u00e0s pessoas com mais de 65 anos.<\/p>\n<p>Nesse caso, avaliaram apenas a busca por servi\u00e7os de emerg\u00eancia m\u00e9dica e as hospitaliza\u00e7\u00f5es, uma vez que os casos de interna\u00e7\u00e3o em UTI e ventila\u00e7\u00e3o mec\u00e2nica representavam um tamanho de amostra insuficiente para a pesquisa.<\/p>\n<p>Eles descobriram, ent\u00e3o, que assim como nas demais faixas et\u00e1rias, houve uma diminui\u00e7\u00e3o da busca por emerg\u00eancia e hospitaliza\u00e7\u00e3o de pessoas com mais de 65 anos no per\u00edodo de preval\u00eancia da \u00d4micron.<\/p>\n<p>O estudo ainda prop\u00f4s uma compara\u00e7\u00e3o entre dois per\u00edodos distintos, ambos de predom\u00ednio da variante Delta, e identificou que n\u00e3o houve diminui\u00e7\u00e3o de casos graves entre um e outro.<\/p>\n<p>A observa\u00e7\u00e3o indica que a redu\u00e7\u00e3o de casos graves de Covid-19 no per\u00edodo de preval\u00eancia da \u00d4micron pode estar, de fato, relacionada ao menor risco que a variante pode representar, inclusive para os idosos.<\/p>\n<p>&nbsp;<\/p>\n<p>&nbsp;<\/p>\n","protected":false},"excerpt":{"rendered":"<p>Uma pesquisa conduzida por cientistas dos Estados Unidos indica que idosos infectados pela variante \u00d4micron tamb\u00e9m podem desenvolver quadros menos graves da doen\u00e7a em compara\u00e7\u00e3o com infec\u00e7\u00f5es pela variante Delta. O\u00a0estudo foi disponibilizado no Medrxiv, site da Internet que distribui vers\u00f5es pr\u00e9-publica\u00e7\u00e3o de\u00a0artigos cient\u00edficos\u00a0sobre ci\u00eancias da sa\u00fade. Os pesquisadores analisaram dados de pacientes de servi\u00e7os [&hellip;]<\/p>\n","protected":false},"author":2,"featured_media":616,"comment_status":"open","ping_status":"open","sticky":false,"template":"","format":"standard","meta":{"_et_pb_use_builder":"","_et_pb_old_content":"","_et_gb_content_width":"","footnotes":"","_joinchat":[]},"categories":[3],"tags":[],"_links":{"self":[{"href":"https:\/\/edemcentrodia.com.br\/index.php\/wp-json\/wp\/v2\/posts\/615"}],"collection":[{"href":"https:\/\/edemcentrodia.com.br\/index.php\/wp-json\/wp\/v2\/posts"}],"about":[{"href":"https:\/\/edemcentrodia.com.br\/index.php\/wp-json\/wp\/v2\/types\/post"}],"author":[{"embeddable":true,"href":"https:\/\/edemcentrodia.com.br\/index.php\/wp-json\/wp\/v2\/users\/2"}],"replies":[{"embeddable":true,"href":"https:\/\/edemcentrodia.com.br\/index.php\/wp-json\/wp\/v2\/comments?post=615"}],"version-history":[{"count":0,"href":"https:\/\/edemcentrodia.com.br\/index.php\/wp-json\/wp\/v2\/posts\/615\/revisions"}],"wp:featuredmedia":[{"embeddable":true,"href":"https:\/\/edemcentrodia.com.br\/index.php\/wp-json\/"}],"wp:attachment":[{"href":"https:\/\/edemcentrodia.com.br\/index.php\/wp-json\/wp\/v2\/media?parent=615"}],"wp:term":[{"taxonomy":"category","embeddable":true,"href":"https:\/\/edemcentrodia.com.br\/index.php\/wp-json\/wp\/v2\/categories?post=615"},{"taxonomy":"post_tag","embeddable":true,"href":"https:\/\/edemcentrodia.com.br\/index.php\/wp-json\/wp\/v2\/tags?post=615"}],"curies":[{"name":"wp","href":"https:\/\/api.w.org\/{rel}","templated":true}]}}