{"id":620,"date":"2022-03-22T16:05:04","date_gmt":"2022-03-22T19:05:04","guid":{"rendered":"https:\/\/www.edemcentrodiaparaidosos.com.br\/?p=620"},"modified":"2022-03-22T16:05:04","modified_gmt":"2022-03-22T19:05:04","slug":"diabetes-pode-afetar-a-audicao","status":"publish","type":"post","link":"https:\/\/edemcentrodia.com.br\/index.php\/2022\/03\/22\/diabetes-pode-afetar-a-audicao\/","title":{"rendered":"Diabetes pode afetar a audi\u00e7\u00e3o"},"content":{"rendered":"<p>Agora em mar\u00e7o, foi celebrado o Dia Mundial da Audi\u00e7\u00e3o e queremos tocar nesse assunto pois a diabete \u00e9 um fator de risco \u00e0 audi\u00e7\u00e3o.\u00a0 Quando se fala em surdez, a associa\u00e7\u00e3o com idosos \u00e9 imediata. E quando se fala em diabetes, logo v\u00eam \u00e0 cabe\u00e7a complica\u00e7\u00f5es como o comprometimento da vis\u00e3o, renal ou neuropatias que provocam les\u00f5es nos p\u00e9s. No entanto, o diabetes tamb\u00e9m afeta a audi\u00e7\u00e3o, porque os n\u00edveis de a\u00e7\u00facar no sangue podem danificar os nervos auditivos, que transmitem sinais do ouvido interno para o c\u00e9rebro e, \u00e9 ali que os impulsos el\u00e9tricos s\u00e3o traduzidos para o som que reconhecemos.<\/p>\n<p>&nbsp;<\/p>\n<p>Pacientes diab\u00e9ticos t\u00eam o\u00a0dobro de chances de perder a audi\u00e7\u00e3o, em compara\u00e7\u00e3o com indiv\u00edduos da mesma idade n\u00e3o portadores da doen\u00e7a. Quem tem pr\u00e9-diabetes tamb\u00e9m apresenta um risco aumentado em 30% para surdez. Nesse est\u00e1gio, os n\u00edveis de glicose no sangue est\u00e3o mais altos do que o normal, mas n\u00e3o o suficiente para um diagn\u00f3stico de diabetes tipo 2, mas metade em tal condi\u00e7\u00e3o acaba desenvolvendo a enfermidade. No Brasil, h\u00e1 cerca de 17 milh\u00f5es de diab\u00e9ticos e estima-se que, para cada doente, outras tr\u00eas pessoas est\u00e3o amea\u00e7adas de enfrentar problema similar.<\/p>\n<p>O controle da glicemia \u00e9 fundamental porque taxas muito baixas de glicose no sangue s\u00e3o igualmente prejudiciais \u00e0 audi\u00e7\u00e3o. O Centro de Controle e Preven\u00e7\u00e3o de Doen\u00e7as (CDC em ingl\u00eas), ag\u00eancia que tra\u00e7a as diretrizes de sa\u00fade nos EUA, alerta que alguns medicamentos para o controle do diabetes podem afetar a audi\u00e7\u00e3o e recomenda que o paciente converse com o m\u00e9dico a respeito. A surdez \u00e9 uma condi\u00e7\u00e3o que se agrava gradualmente, e est\u00e1 associada a ansiedade, isolamento e depress\u00e3o. Como tende a passar despercebida no in\u00edcio, \u00e9 bom prestar aten\u00e7\u00e3o em alguns sinais:<\/p>\n<p>1) Pedir com frequ\u00eancia para os outros repetirem o que acabaram de falar.<\/p>\n<p>2) Ter a impress\u00e3o de que as pessoas est\u00e3o apenas murmurando, num tom de voz abaixo do habitual.<\/p>\n<p>3) Dificuldade para acompanhar a conversa num grupo ou para ouvir o que \u00e9 dito em lugares barulhentos.<\/p>\n<p>4) Esfor\u00e7ar-se para entender o que \u00e9 dito no telefone.<\/p>\n<p>5) Aumentar o volume de aparelhos a ponto de incomodar quem est\u00e1 \u00e0 sua volta.<\/p>\n<p>&nbsp;<\/p>\n<p>Para evitar essa situa\u00e7\u00e3o, \u00e9 fundamental permanecer realizando exames periodicamente ap\u00f3s a descoberta da diabetes, a fim de detectar precocemente a perda auditiva ou qualquer outro dist\u00farbio advindo da doen\u00e7a inicial. Fa\u00e7a sempre acompanhamento m\u00e9dico.<\/p>\n<p>&nbsp;<\/p>\n<p>&nbsp;<\/p>\n<p>&nbsp;<\/p>\n<p>&nbsp;<\/p>\n","protected":false},"excerpt":{"rendered":"<p>Agora em mar\u00e7o, foi celebrado o Dia Mundial da Audi\u00e7\u00e3o e queremos tocar nesse assunto pois a diabete \u00e9 um fator de risco \u00e0 audi\u00e7\u00e3o.\u00a0 Quando se fala em surdez, a associa\u00e7\u00e3o com idosos \u00e9 imediata. E quando se fala em diabetes, logo v\u00eam \u00e0 cabe\u00e7a complica\u00e7\u00f5es como o comprometimento da vis\u00e3o, renal ou neuropatias [&hellip;]<\/p>\n","protected":false},"author":2,"featured_media":621,"comment_status":"open","ping_status":"open","sticky":false,"template":"","format":"standard","meta":{"_et_pb_use_builder":"","_et_pb_old_content":"","_et_gb_content_width":"","footnotes":"","_joinchat":[]},"categories":[3],"tags":[],"_links":{"self":[{"href":"https:\/\/edemcentrodia.com.br\/index.php\/wp-json\/wp\/v2\/posts\/620"}],"collection":[{"href":"https:\/\/edemcentrodia.com.br\/index.php\/wp-json\/wp\/v2\/posts"}],"about":[{"href":"https:\/\/edemcentrodia.com.br\/index.php\/wp-json\/wp\/v2\/types\/post"}],"author":[{"embeddable":true,"href":"https:\/\/edemcentrodia.com.br\/index.php\/wp-json\/wp\/v2\/users\/2"}],"replies":[{"embeddable":true,"href":"https:\/\/edemcentrodia.com.br\/index.php\/wp-json\/wp\/v2\/comments?post=620"}],"version-history":[{"count":0,"href":"https:\/\/edemcentrodia.com.br\/index.php\/wp-json\/wp\/v2\/posts\/620\/revisions"}],"wp:featuredmedia":[{"embeddable":true,"href":"https:\/\/edemcentrodia.com.br\/index.php\/wp-json\/"}],"wp:attachment":[{"href":"https:\/\/edemcentrodia.com.br\/index.php\/wp-json\/wp\/v2\/media?parent=620"}],"wp:term":[{"taxonomy":"category","embeddable":true,"href":"https:\/\/edemcentrodia.com.br\/index.php\/wp-json\/wp\/v2\/categories?post=620"},{"taxonomy":"post_tag","embeddable":true,"href":"https:\/\/edemcentrodia.com.br\/index.php\/wp-json\/wp\/v2\/tags?post=620"}],"curies":[{"name":"wp","href":"https:\/\/api.w.org\/{rel}","templated":true}]}}